{"id":2802,"date":"2026-04-28T19:10:27","date_gmt":"2026-04-28T19:10:27","guid":{"rendered":"https:\/\/www.ksjournalistit.fi\/wp\/?p=2802"},"modified":"2026-04-28T19:10:27","modified_gmt":"2026-04-28T19:10:27","slug":"mina-ja-kotaniemi-osa-26-jaana-siljamaen-teravin-muistikuva-mokkikylasta-liittyy-lahtelan-puuvessaan","status":"publish","type":"post","link":"https:\/\/www.ksjournalistit.fi\/wp\/2026\/04\/28\/mina-ja-kotaniemi-osa-26-jaana-siljamaen-teravin-muistikuva-mokkikylasta-liittyy-lahtelan-puuvessaan\/","title":{"rendered":"Min\u00e4 ja Kotaniemi, osa 26: Jaana Siljam\u00e4en ter\u00e4vin muistikuva m\u00f6kkikyl\u00e4st\u00e4 liittyy Lahtelan puuvessaan"},"content":{"rendered":"\n<p><em>P\u00e4\u00e4kuva: Jaana Siljam\u00e4ki ja Laila-tyt\u00e4r K\u00e4rkel\u00e4n terassilla. KUVAT: Jaana Siljam\u00e4en kotialbumi<\/em><\/p>\n\n\n\n<p>Tajuan oikeastaan v\u00e4litt\u00f6m\u00e4sti suostuttuani kirjoittamaan t\u00e4h\u00e4n juttusarjaan, ett\u00e4 en ole ihminen, jolta kannattaa kysy\u00e4 mit\u00e4\u00e4n menneisyyden tapahtumia, sill\u00e4 muistan eritt\u00e4in huonosti merkitt\u00e4vi\u00e4k\u00e4\u00e4n k\u00e4\u00e4nnekohtia el\u00e4m\u00e4st\u00e4ni. Sen sijaan aivoni ovat s\u00e4il\u00f6neet menneisyydest\u00e4 kaikenlaisia merkityksett\u00f6mi\u00e4 detaljeja kuten sen, ett\u00e4 J\u00e4ms\u00e4ss\u00e4 on todella paljon liikenneympyr\u00f6it\u00e4. Tai sen kielt\u00e4m\u00e4tt\u00e4 ikimuistoisen turistikohteen Kotaniemen liepeill\u00e4: hirvifarmin, jossa hirvet oli nimetty vanhojen iskelm\u00e4laulajien mukaan. Todetaan siis heti alkuun, ett\u00e4 anekdootit, henkil\u00f6t ja sijainnit saattavat olla sinne p\u00e4in.<\/p>\n\n\n\n<p>Se ei ole kuitenkaan valemuisto, ett\u00e4 Kotaniemi oli minulle pitk\u00e4\u00e4n t\u00e4rke\u00e4 paikka. Asuessani Jyv\u00e4skyl\u00e4ss\u00e4, ollessani viel\u00e4 Keski-Suomen Journalistien j\u00e4sen ja jopa muutaman vuoden yhden m\u00f6keist\u00e4 eli K\u00e4rkel\u00e4n em\u00e4nt\u00e4, tuli Kotaniemess\u00e4 vietetty\u00e4 paljon aikaa \u2013 asian voinee tarkistaa vaikka niist\u00e4 vieraskirjoista. Muistan, ett\u00e4 sellaiseen piti aina ennen kotiinl\u00e4ht\u00f6\u00e4 muistaa todistaa olleensa.<\/p>\n\n\n\n<figure class=\"wp-block-image size-full\"><a href=\"https:\/\/www.ksjournalistit.fi\/wp\/wp-content\/uploads\/2026\/04\/kotaniemi_jarvelle.jpg\"><img loading=\"lazy\" decoding=\"async\" width=\"960\" height=\"638\" src=\"https:\/\/www.ksjournalistit.fi\/wp\/wp-content\/uploads\/2026\/04\/kotaniemi_jarvelle.jpg\" alt=\"\" class=\"wp-image-2804\" srcset=\"https:\/\/www.ksjournalistit.fi\/wp\/wp-content\/uploads\/2026\/04\/kotaniemi_jarvelle.jpg 960w, https:\/\/www.ksjournalistit.fi\/wp\/wp-content\/uploads\/2026\/04\/kotaniemi_jarvelle-300x199.jpg 300w, https:\/\/www.ksjournalistit.fi\/wp\/wp-content\/uploads\/2026\/04\/kotaniemi_jarvelle-768x510.jpg 768w\" sizes=\"auto, (max-width: 960px) 100vw, 960px\" \/><\/a><figcaption class=\"wp-element-caption\">Kotaniemi kes\u00e4myrskyss\u00e4. N\u00e4kym\u00e4 K\u00e4rkel\u00e4st\u00e4 P\u00e4ij\u00e4nteelle.<\/figcaption><\/figure>\n\n\n\n<p><strong>Etenkin K\u00e4rkel\u00e4n<\/strong> puitteet ja tunnelma tuntuivat itselle sopivilta. Sielt\u00e4 korkealta kalliolta katseltu P\u00e4ij\u00e4nne oli jokseenkin k\u00e4sitt\u00e4m\u00e4t\u00f6n n\u00e4ky ihmiselle, jonka kokemus vesist\u00f6ist\u00e4 rajoittui kotipihan v\u00e4h\u00e4n normaalia leve\u00e4mp\u00e4\u00e4n, naapurin sikalan rikastuttamaan laskuojaan. Edell\u00e4 mainitusta syyst\u00e4 k\u00e4sitykseni m\u00f6kkeilyst\u00e4 perustui muutamiin p\u00e4iviin is\u00e4n serkun m\u00f6kill\u00e4 Orivedell\u00e4, mutta sain jo silloin l\u00e4htem\u00e4tt\u00f6m\u00e4sti homman hohdokkuudesta kiinni.<\/p>\n\n\n\n<p>Niinp\u00e4 suostuin salaa innoissani ja n\u00e4kyv\u00e4sti pakokauhuissani K\u00e4rkel\u00e4n em\u00e4nn\u00e4ksi, kun sit\u00e4 teht\u00e4v\u00e4\u00e4 ansiokkaasti varmaan vuosikymmenen ellei enemm\u00e4n \u2013 en muista \u2013 hoitanut <strong>Jarkko M\u00e4ntt\u00e4ri<\/strong> oli v\u00e4s\u00e4ht\u00e4nyt hommaan. Yritin n\u00e4ytt\u00e4\u00e4 silt\u00e4, ett\u00e4 ymm\u00e4rr\u00e4n jotain sellaisista asioista kuin suotovesiputki ja erilaisten tulisijojen toimintaperiaatteet, kun m\u00f6kkeilyn Grand Old Manit, mainittu M\u00e4ntt\u00e4ri ja <strong>Ilkka Pietarinen<\/strong> Lahtelan is\u00e4nt\u00e4n\u00e4, minulle niist\u00e4 kapulanvaihdossa k\u00e4rsiv\u00e4llisesti ja intensiivisess\u00e4 katsekontaktissa selostivat. L\u00e4hinn\u00e4 ymm\u00e4rsin, ett\u00e4 mainitunkaltaisten asioiden kanssa voi my\u00f6s merkitt\u00e4v\u00e4sti mokata.<\/p>\n\n\n\n<figure class=\"wp-block-image size-full\"><a href=\"https:\/\/www.ksjournalistit.fi\/wp\/wp-content\/uploads\/2026\/04\/karkelan-laiturilla.jpg\"><img loading=\"lazy\" decoding=\"async\" width=\"638\" height=\"960\" src=\"https:\/\/www.ksjournalistit.fi\/wp\/wp-content\/uploads\/2026\/04\/karkelan-laiturilla.jpg\" alt=\"\" class=\"wp-image-2805\" srcset=\"https:\/\/www.ksjournalistit.fi\/wp\/wp-content\/uploads\/2026\/04\/karkelan-laiturilla.jpg 638w, https:\/\/www.ksjournalistit.fi\/wp\/wp-content\/uploads\/2026\/04\/karkelan-laiturilla-199x300.jpg 199w\" sizes=\"auto, (max-width: 638px) 100vw, 638px\" \/><\/a><figcaption class=\"wp-element-caption\">Jaana Siljam\u00e4ki (vas.) ja Emmi Tuomisto istumassa juhannusiltaa K\u00e4rkel\u00e4n laiturilla.<\/figcaption><\/figure>\n\n\n\n<p><strong>V\u00e4itt\u00e4isin kuitenkin,<\/strong> ett\u00e4 em\u00e4nnyyteni ajalle osui ainakin yksi uroteko, eli kuumavesipataan investointi (Luoja, milt\u00e4 t\u00e4m\u00e4kin kuulostaa). Kuten kaikki muistavat, K\u00e4rkel\u00e4ss\u00e4 tiskaaminen oli mallia perseest\u00e4, koska siell\u00e4 oltiin eilen l\u00e4mmitetyn saunan k\u00e4denl\u00e4mp\u00f6ist\u00e4 v\u00e4h\u00e4n kuumemman veden varassa. Lis\u00e4ksi vett\u00e4 saattoi keitt\u00e4\u00e4 kaasuhellalla, mik\u00e4 aiheutti aina ep\u00e4m\u00e4\u00e4r\u00e4ist\u00e4 syyllisyytt\u00e4.<\/p>\n\n\n\n<p>Tosin varsinaisen urakan eli padan roudaamisen hoitivat tietysti Kotaniemen aktiivimiehet. Itse l\u00e4hinn\u00e4 siunailin laiturilla, kun se satojen kilojen painoinen valurautam\u00f6tikk\u00e4 jouduttiin K\u00e4rkel\u00e4n pitk\u00e4n ja kivisen kinttupolun vuoksi tuomaan veneell\u00e4 kohteeseen. Mutta siell\u00e4 se kallion p\u00e4\u00e4ll\u00e4 lienee viel\u00e4 t\u00e4n\u00e4kin p\u00e4iv\u00e4n\u00e4, tehden kaikkien m\u00f6kkitiskaajien el\u00e4m\u00e4st\u00e4 el\u00e4misen arvoista.<\/p>\n\n\n\n<p>Sivumennen sanoen, olin ehk\u00e4 jos en nyt ensimm\u00e4inen nainen, niin ainakin ensimm\u00e4inen alle 50-vuotias m\u00f6kkiem\u00e4nt\u00e4 hetkeen, tai ikin\u00e4. Silloin oli muutenkin k\u00e4ynniss\u00e4 jonkinlainen sukupolvenvaihdos Keski-Suomen Journalistien hallitusta my\u00f6ten. Siit\u00e4 kunnia kuuluu kyll\u00e4 silloiselle puolisolleni <strong>Jarno Liskille<\/strong>, joka oli ja on itse\u00e4ni ekstrovertimpi verkostoituja. H\u00e4n masinoi niin hallitusvastuisiin kuin m\u00f6kkitalkoisiinkin my\u00f6s journalistiopiskelijoita; pitk\u00e4lti ne samat hahmot, jotka viihtyiv\u00e4t kanssamme my\u00f6s Yl\u00e4-Ruthilla ja Vakiopaineessa. Uutta verta pakkiin, yht\u00e4 kaikki. Ajatuksena tietysti se, ett\u00e4 jos uusia k\u00e4ytt\u00e4ji\u00e4 ei saada, koko Kotanieme\u00e4 ei ehk\u00e4 kohta en\u00e4\u00e4 tarvita.<\/p>\n\n\n\n<p>Kun sitten itse v\u00e4istyin m\u00f6kkiem\u00e4nnyydest\u00e4, v\u00e4rv\u00e4sin hommaan kurssikaverin ja ik\u00e4toveri <strong>Anssi Koskisen<\/strong>, joka muistaakseni jakoi samankaltaisen kokemuksen k\u00e4dett\u00f6myydest\u00e4 kaikenlaisten suotovesiputkihommeleiden suhteen. Otettuaan haasteen vastaan h\u00e4n hoiti hommaa sitten menestyksekk\u00e4\u00e4sti hyv\u00e4n tovin.<\/p>\n\n\n\n<figure class=\"wp-block-image size-large\"><a href=\"https:\/\/www.ksjournalistit.fi\/wp\/wp-content\/uploads\/2026\/04\/Laila-puuhommissa-scaled.jpg\"><img loading=\"lazy\" decoding=\"async\" width=\"1024\" height=\"765\" src=\"https:\/\/www.ksjournalistit.fi\/wp\/wp-content\/uploads\/2026\/04\/Laila-puuhommissa-1024x765.jpg\" alt=\"\" class=\"wp-image-2806\" srcset=\"https:\/\/www.ksjournalistit.fi\/wp\/wp-content\/uploads\/2026\/04\/Laila-puuhommissa-1024x765.jpg 1024w, https:\/\/www.ksjournalistit.fi\/wp\/wp-content\/uploads\/2026\/04\/Laila-puuhommissa-300x224.jpg 300w, https:\/\/www.ksjournalistit.fi\/wp\/wp-content\/uploads\/2026\/04\/Laila-puuhommissa-768x574.jpg 768w, https:\/\/www.ksjournalistit.fi\/wp\/wp-content\/uploads\/2026\/04\/Laila-puuhommissa-1536x1147.jpg 1536w, https:\/\/www.ksjournalistit.fi\/wp\/wp-content\/uploads\/2026\/04\/Laila-puuhommissa-2048x1530.jpg 2048w\" sizes=\"auto, (max-width: 1024px) 100vw, 1024px\" \/><\/a><figcaption class=\"wp-element-caption\">Laila-tyt\u00e4r puuhommissa K\u00e4rkel\u00e4ss\u00e4.<\/figcaption><\/figure>\n\n\n\n<p><strong>Yhden hetken muistan <\/strong>Kotaniemest\u00e4 kuitenkin oleellisilta osiltaan t\u00e4ysin. Sin\u00e4 iltana oli harvinainen auringonlasku, puoli taivasta aivan tulessa.<\/p>\n\n\n\n<p>Minulla oli ollut pidemp\u00e4\u00e4n outoja tuntemuksia. Siksi olin nyt Lahtelan puuceess\u00e4 ja katselin k\u00e4nnyk\u00e4n valossa valkoista, muovista tikkua. Ja sen n\u00e4yt\u00f6ll\u00e4 kahta p\u00e4\u00e4tt\u00e4v\u00e4ist\u00e4, vastaansanomatonta viivaa.&nbsp;<\/p>\n\n\n\n<p>Minussa asui toinenkin pieni m\u00f6kkeilij\u00e4.<\/p>\n\n\n\n<p><strong>Jaana Siljam\u00e4ki<\/strong><\/p>\n\n\n\n<p><\/p>\n","protected":false},"excerpt":{"rendered":"<p>P\u00e4\u00e4kuva: Jaana Siljam\u00e4ki ja Laila-tyt\u00e4r K\u00e4rkel\u00e4n terassilla. KUVAT: Jaana Siljam\u00e4en kotialbumi Tajuan oikeastaan v\u00e4litt\u00f6m\u00e4sti suostuttuani kirjoittamaan t\u00e4h\u00e4n juttusarjaan, ett\u00e4 en ole ihminen, jolta kannattaa kysy\u00e4&hellip;<\/p>\n","protected":false},"author":1,"featured_media":2803,"comment_status":"closed","ping_status":"closed","sticky":false,"template":"","format":"standard","meta":{"footnotes":""},"categories":[15],"tags":[],"class_list":["post-2802","post","type-post","status-publish","format-standard","has-post-thumbnail","hentry","category-minajakotaniemi"],"_links":{"self":[{"href":"https:\/\/www.ksjournalistit.fi\/wp\/wp-json\/wp\/v2\/posts\/2802","targetHints":{"allow":["GET"]}}],"collection":[{"href":"https:\/\/www.ksjournalistit.fi\/wp\/wp-json\/wp\/v2\/posts"}],"about":[{"href":"https:\/\/www.ksjournalistit.fi\/wp\/wp-json\/wp\/v2\/types\/post"}],"author":[{"embeddable":true,"href":"https:\/\/www.ksjournalistit.fi\/wp\/wp-json\/wp\/v2\/users\/1"}],"replies":[{"embeddable":true,"href":"https:\/\/www.ksjournalistit.fi\/wp\/wp-json\/wp\/v2\/comments?post=2802"}],"version-history":[{"count":1,"href":"https:\/\/www.ksjournalistit.fi\/wp\/wp-json\/wp\/v2\/posts\/2802\/revisions"}],"predecessor-version":[{"id":2807,"href":"https:\/\/www.ksjournalistit.fi\/wp\/wp-json\/wp\/v2\/posts\/2802\/revisions\/2807"}],"wp:featuredmedia":[{"embeddable":true,"href":"https:\/\/www.ksjournalistit.fi\/wp\/wp-json\/wp\/v2\/media\/2803"}],"wp:attachment":[{"href":"https:\/\/www.ksjournalistit.fi\/wp\/wp-json\/wp\/v2\/media?parent=2802"}],"wp:term":[{"taxonomy":"category","embeddable":true,"href":"https:\/\/www.ksjournalistit.fi\/wp\/wp-json\/wp\/v2\/categories?post=2802"},{"taxonomy":"post_tag","embeddable":true,"href":"https:\/\/www.ksjournalistit.fi\/wp\/wp-json\/wp\/v2\/tags?post=2802"}],"curies":[{"name":"wp","href":"https:\/\/api.w.org\/{rel}","templated":true}]}}